{"id":4396,"date":"2023-03-28T09:40:04","date_gmt":"2023-03-28T09:40:04","guid":{"rendered":"https:\/\/aviation-news.info\/?p=4396"},"modified":"2023-03-28T09:40:04","modified_gmt":"2023-03-28T09:40:04","slug":"middle-east-airlines-to-rejig-schedule-after-lebanon-time-zone-chaos","status":"publish","type":"post","link":"https:\/\/aviation-news.info\/?p=4396","title":{"rendered":"Middle East Airlines To Rejig Schedule After Lebanon Time Zone Chaos"},"content":{"rendered":"<p>Lebanon&#8217;s flagship carrier\u00a0Middle East Airlines, readjusted its\u00a0flight schedules\u00a0after the Lebanese government reversed its decision to postpone daylight savings. The airline announced the change, which focuses on its hub at Beirut\u2013Rafic Hariri International Airport on Monday.<\/p>\n<p>According to authorities, daylight saving time will start Wednesday night. Lebanon&#8217;s Prime Minister said the country would need 48 hours to fix technical issues due to the last-minute reversal.<\/p>\n<h2 id=\"moved-up-by-an-hour\">Moved up by an hour<\/h2>\n<p>According to L&#8217;Orient Today, Middle East Airlines confirmed the readjustment to flight times in a statement.<\/p>\n<p>&#8220;All flights departing from Rafic Hariri International Airport are rescheduled to daylight saving time from midnight on the night of March 29th to 30th, 2023. For tickets issued between March 25th and 27th, 2023 (winter time), passengers are advised to check the revised departure time based on daylight saving time.&#8221;<\/p>\n<div class=\"body-img landscape\">\n<div class=\"responsive-img image-expandable img-article-item\" data-img-url=\"https:\/\/static1.simpleflyingimages.com\/wordpress\/wp-content\/uploads\/2022\/11\/MSN10000-A321neo-Middle-East-Airlines-Ferry.jpg\" data-img-desc=\"&quot;Photo: Airbus&quot;\" data-modal-id=\"single-image-modal\" data-modal-container-id=\"single-image-modal-container\" data-img-caption=\"&quot;&quot;\">\n<figure><picture><source srcset=\"https:\/\/static1.simpleflyingimages.com\/wordpress\/wp-content\/uploads\/2022\/11\/MSN10000-A321neo-Middle-East-Airlines-Ferry.jpg?q=50&amp;fit=crop&amp;w=1500&amp;dpr=1.5\" media=\"(min-width: 1024px)\" sizes=\"1500px\" data-srcset=\"https:\/\/static1.simpleflyingimages.com\/wordpress\/wp-content\/uploads\/2022\/11\/MSN10000-A321neo-Middle-East-Airlines-Ferry.jpg?q=50&amp;fit=crop&amp;w=1500&amp;dpr=1.5\" \/><source srcset=\"https:\/\/static1.simpleflyingimages.com\/wordpress\/wp-content\/uploads\/2022\/11\/MSN10000-A321neo-Middle-East-Airlines-Ferry.jpg?q=50&amp;fit=crop&amp;w=943&amp;dpr=1.5\" media=\"(min-width: 768px)\" sizes=\"943px\" data-srcset=\"https:\/\/static1.simpleflyingimages.com\/wordpress\/wp-content\/uploads\/2022\/11\/MSN10000-A321neo-Middle-East-Airlines-Ferry.jpg?q=50&amp;fit=crop&amp;w=943&amp;dpr=1.5\" \/><source srcset=\"https:\/\/static1.simpleflyingimages.com\/wordpress\/wp-content\/uploads\/2022\/11\/MSN10000-A321neo-Middle-East-Airlines-Ferry.jpg?q=50&amp;fit=crop&amp;w=767&amp;dpr=1.5\" media=\"(min-width: 481px)\" sizes=\"767px\" data-srcset=\"https:\/\/static1.simpleflyingimages.com\/wordpress\/wp-content\/uploads\/2022\/11\/MSN10000-A321neo-Middle-East-Airlines-Ferry.jpg?q=50&amp;fit=crop&amp;w=767&amp;dpr=1.5\" \/><source srcset=\"https:\/\/static1.simpleflyingimages.com\/wordpress\/wp-content\/uploads\/2022\/11\/MSN10000-A321neo-Middle-East-Airlines-Ferry.jpg?q=50&amp;fit=crop&amp;w=480&amp;dpr=1.5\" media=\"(min-width: 0px)\" sizes=\"480px\" data-srcset=\"https:\/\/static1.simpleflyingimages.com\/wordpress\/wp-content\/uploads\/2022\/11\/MSN10000-A321neo-Middle-East-Airlines-Ferry.jpg?q=50&amp;fit=crop&amp;w=480&amp;dpr=1.5\" \/><img class=\" lazyloaded\" alt=\"Airbus A321neo Middle East Airlines\" width=\"4723\" height=\"3153\" data-img-url=\"https:\/\/static1.simpleflyingimages.com\/wordpress\/wp-content\/uploads\/2022\/11\/MSN10000-A321neo-Middle-East-Airlines-Ferry.jpg\" \/><\/picture><\/figure>\n<\/div>\n<div class=\"img-description\">Photo: Airbus<\/div>\n<\/div>\n<p>The carriers&#8217; flights will be moved forward by one hour but will reportedly be returned to their original schedule on April 21st. According to AeroTime, the change only affects\u00a0<a href=\"https:\/\/simpleflying.com\/tag\/departures\/\">departures<\/a>\u00a0and\u00a0<a href=\"https:\/\/simpleflying.com\/tag\/arrivals\/\">arrivals<\/a>\u00a0at Beirut Airport. Flight schedules remain the same for all other international airports the airline serves.<\/p>\n<section class=\"emaki-custom-block emaki-custom-tip\">\n<div id=\"custom_block_7\" class=\"emaki-custom tip\">\n<p>Get the latest aviation news straight to your inbox:\u00a0<a href=\"https:\/\/simpleflying.com\/email-newsletters\/\" target=\"_blank\" rel=\"noopener\">Sign up for our newsletters today.<\/a><\/p>\n<\/div>\n<\/section>\n<div class=\"ad-odd\"><\/div>\n<h2 id=\"airport-confusion\">Airport confusion<\/h2>\n<p>At the airport, the scheduling board indicated two different departure times for the exact same flight.\u00a0<a href=\"https:\/\/simpleflying.com\/tag\/aegean-airlines\/\">Aegean Airlines<\/a>\u00a0flight 947 to Athens was reportedly listed twice, shown as departing at both 15:30 and 16:30 on Sunday.<\/p>\n<p>The confusion was also shared on social media.<\/p>\n<div id=\"1639986603228643333\" class=\"w-rich w-twitter\">\n<div class=\"twitter-tweet twitter-tweet-rendered\"><iframe id=\"twitter-widget-0\" title=\"Twitter Tweet\" data-src=\"https:\/\/platform.twitter.com\/embed\/Tweet.html?dnt=false&amp;embedId=twitter-widget-0&amp;features=eyJ0ZndfdGltZWxpbmVfbGlzdCI6eyJidWNrZXQiOltdLCJ2ZXJzaW9uIjpudWxsfSwidGZ3X2ZvbGxvd2VyX2NvdW50X3N1bnNldCI6eyJidWNrZXQiOnRydWUsInZlcnNpb24iOm51bGx9LCJ0ZndfdHdlZXRfZWRpdF9iYWNrZW5kIjp7ImJ1Y2tldCI6Im9uIiwidmVyc2lvbiI6bnVsbH0sInRmd19yZWZzcmNfc2Vzc2lvbiI6eyJidWNrZXQiOiJvbiIsInZlcnNpb24iOm51bGx9LCJ0ZndfbWl4ZWRfbWVkaWFfMTU4OTciOnsiYnVja2V0IjoidHJlYXRtZW50IiwidmVyc2lvbiI6bnVsbH0sInRmd19leHBlcmltZW50c19jb29raWVfZXhwaXJhdGlvbiI6eyJidWNrZXQiOjEyMDk2MDAsInZlcnNpb24iOm51bGx9LCJ0ZndfZHVwbGljYXRlX3NjcmliZXNfdG9fc2V0dGluZ3MiOnsiYnVja2V0Ijoib24iLCJ2ZXJzaW9uIjpudWxsfSwidGZ3X3ZpZGVvX2hsc19keW5hbWljX21hbmlmZXN0c18xNTA4MiI6eyJidWNrZXQiOiJ0cnVlX2JpdHJhdGUiLCJ2ZXJzaW9uIjpudWxsfSwidGZ3X2xlZ2FjeV90aW1lbGluZV9zdW5zZXQiOnsiYnVja2V0Ijp0cnVlLCJ2ZXJzaW9uIjpudWxsfSwidGZ3X3R3ZWV0X2VkaXRfZnJvbnRlbmQiOnsiYnVja2V0Ijoib24iLCJ2ZXJzaW9uIjpudWxsfX0%3D&amp;frame=false&amp;hideCard=false&amp;hideThread=false&amp;id=1639986603228643333&amp;lang=en&amp;origin=https%3A%2F%2Fsimpleflying.com%2Fmiddle-east-airlines-changing-flight-schedule-lebanon-time-zone-chaos%2F&amp;sessionId=d508e041df8f40a9792a48e06e1de1dd583b1664&amp;siteScreenName=simple_flying&amp;theme=light&amp;widgetsVersion=aaf4084522e3a%3A1674595607486&amp;width=550px\" frameborder=\"0\" scrolling=\"no\" allowfullscreen=\"allowfullscreen\" data-tweet-id=\"1639986603228643333\" data-mce-fragment=\"1\" src=\"data:image\/svg+xml;base64,PHN2ZyB3aWR0aD0iMSIgaGVpZ2h0PSIxIiB4bWxucz0iaHR0cDovL3d3dy53My5vcmcvMjAwMC9zdmciPjwvc3ZnPg==\" class=\"lazyload\" data-load-mode=\"1\"><\/iframe><\/div>\n<\/div>\n<p>Peter Sleiman, a passenger headed to Beirut Airport, spoke to CNBC about arriving extra early to ensure they would not miss their flight.<\/p>\n<p><em>&#8220;I&#8217;m going to the Beirut airport 4 hours before my flight just to make sure this nonsense doesn&#8217;t make me miss my flight,&#8221;<\/em>\u00a0said Sleiman.\u00a0<em>&#8220;Personally I&#8217;m following the international time (of daylight saving). There&#8217;s no way I can handle my meetings and scheduling on the time zone that they [the prime minister] wanted.&#8221;<\/em><\/p>\n<p>Lebanon Prime Minister Najib Mikati and Parliament Speaker Nabih Berri announced their decision to postpone the change to summer time from March 25th to April 20th last week.<\/p>\n<div class=\"body-img landscape\">\n<div class=\"responsive-img image-expandable img-article-item\" data-img-url=\"https:\/\/static1.simpleflyingimages.com\/wordpress\/wp-content\/uploads\/2020\/12\/A321neo-Middle-East-Airlines-1-scaled.jpeg\" data-img-desc=\"&quot;Photo: Airbus&quot;\" data-modal-id=\"single-image-modal\" data-modal-container-id=\"single-image-modal-container\" data-img-caption=\"&quot;&quot;\">\n<figure><picture><source srcset=\"https:\/\/static1.simpleflyingimages.com\/wordpress\/wp-content\/uploads\/2020\/12\/A321neo-Middle-East-Airlines-1-scaled.jpeg?q=50&amp;fit=crop&amp;w=1500&amp;dpr=1.5\" media=\"(min-width: 1024px)\" sizes=\"1500px\" data-srcset=\"https:\/\/static1.simpleflyingimages.com\/wordpress\/wp-content\/uploads\/2020\/12\/A321neo-Middle-East-Airlines-1-scaled.jpeg?q=50&amp;fit=crop&amp;w=1500&amp;dpr=1.5\" \/><source srcset=\"https:\/\/static1.simpleflyingimages.com\/wordpress\/wp-content\/uploads\/2020\/12\/A321neo-Middle-East-Airlines-1-scaled.jpeg?q=50&amp;fit=crop&amp;w=943&amp;dpr=1.5\" media=\"(min-width: 768px)\" sizes=\"943px\" data-srcset=\"https:\/\/static1.simpleflyingimages.com\/wordpress\/wp-content\/uploads\/2020\/12\/A321neo-Middle-East-Airlines-1-scaled.jpeg?q=50&amp;fit=crop&amp;w=943&amp;dpr=1.5\" \/><source srcset=\"https:\/\/static1.simpleflyingimages.com\/wordpress\/wp-content\/uploads\/2020\/12\/A321neo-Middle-East-Airlines-1-scaled.jpeg?q=50&amp;fit=crop&amp;w=767&amp;dpr=1.5\" media=\"(min-width: 481px)\" sizes=\"767px\" data-srcset=\"https:\/\/static1.simpleflyingimages.com\/wordpress\/wp-content\/uploads\/2020\/12\/A321neo-Middle-East-Airlines-1-scaled.jpeg?q=50&amp;fit=crop&amp;w=767&amp;dpr=1.5\" \/><source srcset=\"https:\/\/static1.simpleflyingimages.com\/wordpress\/wp-content\/uploads\/2020\/12\/A321neo-Middle-East-Airlines-1-scaled.jpeg?q=50&amp;fit=crop&amp;w=480&amp;dpr=1.5\" media=\"(min-width: 0px)\" sizes=\"480px\" data-srcset=\"https:\/\/static1.simpleflyingimages.com\/wordpress\/wp-content\/uploads\/2020\/12\/A321neo-Middle-East-Airlines-1-scaled.jpeg?q=50&amp;fit=crop&amp;w=480&amp;dpr=1.5\" \/><img class=\" lazyloaded\" alt=\"MEA A321neo\" width=\"2560\" height=\"1709\" data-img-url=\"https:\/\/static1.simpleflyingimages.com\/wordpress\/wp-content\/uploads\/2020\/12\/A321neo-Middle-East-Airlines-1-scaled.jpeg\" \/><\/picture><\/figure>\n<\/div>\n<div class=\"img-description\">Photo: Airbus<\/div>\n<\/div>\n<p>The announcement took the country by surprise, resulting in mass confusion, mockery, criticism and allegations of sectarianism, according to L&#8217;Orient Today. Additionally, the announcement reportedly forced institutions, businesses, and residents to revise their schedules or scramble to keep up with who was or was not adhering to the change.<\/p>\n<p>Following widespread backlash and confusion, Lebanon&#8217;s caretaker cabinet reversed the decision.<\/p>\n<div class=\"ad-even\"><\/div>\n<h2 id=\"the-prime-minister-39-s-response\">The Prime Minister&#8217;s response<\/h2>\n<p>According to Raidi\u00f3 Teilif\u00eds \u00c9ireann, Mikati said the initial decision was &#8220;intended to relieve those who are fasting during Ramadan,&#8221; issuing the government&#8217;s first formal justification of the move.<\/p>\n<p><em>&#8220;I absolutely did not take this decision for sectarian reasons,&#8221;\u00a0<\/em>he added in remarks following a cabinet meeting called on the issue.\u00a0<em>&#8220;A decision like this should not have triggered such sectarian responses.&#8221;<\/em><\/p>\n<p>On Monday, Middle East Airlines posted its summer schedule for flights departing from Beirut Airport. The flag carrier said the posting was for further clarification as the departure times are in accordance with the new daylight savings change.<\/p>\n<p><em>Sources:\u00a0<\/em><a href=\"https:\/\/www.aerotime.aero\/articles\/disagreement-over-daylight-saving-puts-beirut-airport-in-two-time-zones-at-once\" target=\"_blank\" rel=\"noopener noreferrer\"><em>AeroTime<\/em><\/a><em>,\u00a0<\/em><a href=\"https:\/\/www.cnbc.com\/2023\/03\/27\/lebanon-in-two-different-time-zones-as-government-disagrees-on-daylight-savings.html\" target=\"_blank\" rel=\"noopener noreferrer\"><em>CNBC<\/em><\/a><em>,\u00a0<\/em><a href=\"https:\/\/today.lorientlejour.com\/article\/1332845\/mea-readjusts-flight-schedules-after-time-change-announcement.html#:~:text=On%20Monday%2C%20caretaker%20Prime%20Minister,MEA%20announced%20in%20a%20statement.\" target=\"_blank\" rel=\"noopener noreferrer\"><em>L&#8217;Orient Today<\/em><\/a><em>,\u00a0<\/em><a href=\"https:\/\/www.rte.ie\/news\/world\/2023\/0327\/1366637-lebanon-time\/#:~:text=Flag%20carrier%20Middle%20East%20Airlines%2C%20while%20earlier%20implementing%20the%20government%2Dordered%20delay%2C%20had%20said%20it%20would%20move%20departure%20times%20by%20one%20hour%20to%20adhere%20to%20international%20flight%20schedules.\" target=\"_blank\" rel=\"noopener noreferrer\"><em>Raidi\u00f3 Teilif\u00eds \u00c9ireann<\/em><\/a><\/p>\n","protected":false},"excerpt":{"rendered":"<p>Lebanon&#8217;s flagship carrier\u00a0Middle East Airlines, readjusted its\u00a0flight schedules\u00a0after the Lebanese government reversed its decision to postpone daylight savings. The airline announced the change, which focuses on its hub at Beirut\u2013Rafic Hariri International Airport on Monday. According to authorities, daylight saving time will start Wednesday night. Lebanon&#8217;s Prime Minister said the country would need 48 hours &hellip;<\/p>\n","protected":false},"author":1,"featured_media":4397,"comment_status":"closed","ping_status":"closed","sticky":false,"template":"","format":"standard","meta":{"_bbp_topic_count":0,"_bbp_reply_count":0,"_bbp_total_topic_count":0,"_bbp_total_reply_count":0,"_bbp_voice_count":0,"_bbp_anonymous_reply_count":0,"_bbp_topic_count_hidden":0,"_bbp_reply_count_hidden":0,"_bbp_forum_subforum_count":0,"_monsterinsights_skip_tracking":false,"_monsterinsights_sitenote_active":false,"_monsterinsights_sitenote_note":"","_monsterinsights_sitenote_category":0,"_jetpack_memberships_contains_paid_content":false,"footnotes":"","jetpack_publicize_message":"","jetpack_publicize_feature_enabled":true,"jetpack_social_post_already_shared":false,"jetpack_social_options":{"image_generator_settings":{"template":"highway","default_image_id":0,"font":"","enabled":false},"version":2},"_wpscppro_dont_share_socialmedia":false,"_wpscppro_custom_social_share_image":0,"_facebook_share_type":"","_twitter_share_type":"","_linkedin_share_type":"","_pinterest_share_type":"","_linkedin_share_type_page":"","_instagram_share_type":"","_medium_share_type":"","_threads_share_type":"","_google_business_share_type":"","_selected_social_profile":[],"_wpsp_enable_custom_social_template":false,"_wpsp_social_scheduling":{"enabled":false,"datetime":null,"platforms":[],"status":"template_only","dateOption":"today","timeOption":"now","customDays":"","customHours":"","customDate":"","customTime":"","schedulingType":"absolute"},"_wpsp_active_default_template":true},"categories":[96,102],"tags":[],"class_list":["post-4396","post","type-post","status-publish","format-standard","has-post-thumbnail","hentry","category-aviation-world","category-featured-en"],"yoast_head":"<!-- This site is optimized with the Yoast SEO Premium plugin v27.4 (Yoast SEO v27.4) - https:\/\/yoast.com\/product\/yoast-seo-premium-wordpress\/ -->\n<title>Middle East Airlines To Rejig Schedule After Lebanon Time Zone Chaos - aviation news<\/title>\n<meta name=\"robots\" content=\"index, follow, max-snippet:-1, max-image-preview:large, max-video-preview:-1\" \/>\n<link rel=\"canonical\" href=\"https:\/\/aviation-news.info\/?p=4396\" \/>\n<meta property=\"og:locale\" content=\"en_GB\" \/>\n<meta property=\"og:type\" content=\"article\" \/>\n<meta property=\"og:title\" content=\"Middle East Airlines To Rejig Schedule After Lebanon Time Zone Chaos\" \/>\n<meta property=\"og:description\" content=\"Lebanon&#8217;s flagship carrier\u00a0Middle East Airlines, readjusted its\u00a0flight schedules\u00a0after the Lebanese government reversed its decision to postpone daylight savings. The airline announced the change, which focuses on its hub at Beirut\u2013Rafic Hariri International Airport on Monday. According to authorities, daylight saving time will start Wednesday night. Lebanon&#8217;s Prime Minister said the country would need 48 hours &hellip;\" \/>\n<meta property=\"og:url\" content=\"https:\/\/aviation-news.info\/?p=4396\" \/>\n<meta property=\"og:site_name\" content=\"aviation news\" \/>\n<meta property=\"article:publisher\" content=\"https:\/\/www.facebook.com\/profile.php?id=100088552298353\" \/>\n<meta property=\"article:published_time\" content=\"2023-03-28T09:40:04+00:00\" \/>\n<meta property=\"og:image\" content=\"https:\/\/aviationnews-international.com\/wp-content\/uploads\/2023\/03\/Screenshot-2023-03-28-124136.png\" \/>\n\t<meta property=\"og:image:width\" content=\"1422\" \/>\n\t<meta property=\"og:image:height\" content=\"803\" \/>\n\t<meta property=\"og:image:type\" content=\"image\/png\" \/>\n<meta name=\"author\" content=\"adminnews\" \/>\n<meta name=\"twitter:card\" content=\"summary_large_image\" \/>\n<meta name=\"twitter:creator\" content=\"@aviationne428\" \/>\n<meta name=\"twitter:site\" content=\"@aviationne428\" \/>\n<meta name=\"twitter:label1\" content=\"Written by\" \/>\n\t<meta name=\"twitter:data1\" content=\"adminnews\" \/>\n\t<meta name=\"twitter:label2\" content=\"Estimated reading time\" \/>\n\t<meta name=\"twitter:data2\" content=\"3 minutes\" \/>\n<script type=\"application\/ld+json\" class=\"yoast-schema-graph\">{\"@context\":\"https:\\\/\\\/schema.org\",\"@graph\":[{\"@type\":\"Article\",\"@id\":\"https:\\\/\\\/aviation-news.info\\\/?p=4396#article\",\"isPartOf\":{\"@id\":\"https:\\\/\\\/aviation-news.info\\\/?p=4396\"},\"author\":{\"name\":\"adminnews\",\"@id\":\"https:\\\/\\\/aviation-news.info\\\/#\\\/schema\\\/person\\\/02e91cef3ca1560c153b683711401bd3\"},\"headline\":\"Middle East Airlines To Rejig Schedule After Lebanon Time Zone Chaos\",\"datePublished\":\"2023-03-28T09:40:04+00:00\",\"mainEntityOfPage\":{\"@id\":\"https:\\\/\\\/aviation-news.info\\\/?p=4396\"},\"wordCount\":547,\"publisher\":{\"@id\":\"https:\\\/\\\/aviation-news.info\\\/#organization\"},\"image\":{\"@id\":\"https:\\\/\\\/aviation-news.info\\\/?p=4396#primaryimage\"},\"thumbnailUrl\":\"https:\\\/\\\/aviation-news.info\\\/wp-content\\\/uploads\\\/2023\\\/03\\\/Screenshot-2023-03-28-124136.png\",\"articleSection\":[\"Aviation world\",\"Featured\"],\"inLanguage\":\"en-GB\"},{\"@type\":\"WebPage\",\"@id\":\"https:\\\/\\\/aviation-news.info\\\/?p=4396\",\"url\":\"https:\\\/\\\/aviation-news.info\\\/?p=4396\",\"name\":\"Middle East Airlines To Rejig Schedule After Lebanon Time Zone Chaos - aviation news\",\"isPartOf\":{\"@id\":\"https:\\\/\\\/aviation-news.info\\\/#website\"},\"primaryImageOfPage\":{\"@id\":\"https:\\\/\\\/aviation-news.info\\\/?p=4396#primaryimage\"},\"image\":{\"@id\":\"https:\\\/\\\/aviation-news.info\\\/?p=4396#primaryimage\"},\"thumbnailUrl\":\"https:\\\/\\\/aviation-news.info\\\/wp-content\\\/uploads\\\/2023\\\/03\\\/Screenshot-2023-03-28-124136.png\",\"datePublished\":\"2023-03-28T09:40:04+00:00\",\"breadcrumb\":{\"@id\":\"https:\\\/\\\/aviation-news.info\\\/?p=4396#breadcrumb\"},\"inLanguage\":\"en-GB\",\"potentialAction\":[{\"@type\":\"ReadAction\",\"target\":[\"https:\\\/\\\/aviation-news.info\\\/?p=4396\"]}]},{\"@type\":\"ImageObject\",\"inLanguage\":\"en-GB\",\"@id\":\"https:\\\/\\\/aviation-news.info\\\/?p=4396#primaryimage\",\"url\":\"https:\\\/\\\/aviation-news.info\\\/wp-content\\\/uploads\\\/2023\\\/03\\\/Screenshot-2023-03-28-124136.png\",\"contentUrl\":\"https:\\\/\\\/aviation-news.info\\\/wp-content\\\/uploads\\\/2023\\\/03\\\/Screenshot-2023-03-28-124136.png\",\"width\":1422,\"height\":803},{\"@type\":\"BreadcrumbList\",\"@id\":\"https:\\\/\\\/aviation-news.info\\\/?p=4396#breadcrumb\",\"itemListElement\":[{\"@type\":\"ListItem\",\"position\":1,\"name\":\"Home\",\"item\":\"https:\\\/\\\/aviation-news.info\\\/\"},{\"@type\":\"ListItem\",\"position\":2,\"name\":\"Middle East Airlines To Rejig Schedule After Lebanon Time Zone Chaos\"}]},{\"@type\":\"WebSite\",\"@id\":\"https:\\\/\\\/aviation-news.info\\\/#website\",\"url\":\"https:\\\/\\\/aviation-news.info\\\/\",\"name\":\"aviation news\",\"description\":\"\",\"publisher\":{\"@id\":\"https:\\\/\\\/aviation-news.info\\\/#organization\"},\"potentialAction\":[{\"@type\":\"SearchAction\",\"target\":{\"@type\":\"EntryPoint\",\"urlTemplate\":\"https:\\\/\\\/aviation-news.info\\\/?s={search_term_string}\"},\"query-input\":{\"@type\":\"PropertyValueSpecification\",\"valueRequired\":true,\"valueName\":\"search_term_string\"}}],\"inLanguage\":\"en-GB\"},{\"@type\":\"Organization\",\"@id\":\"https:\\\/\\\/aviation-news.info\\\/#organization\",\"name\":\"aviation news\",\"url\":\"https:\\\/\\\/aviation-news.info\\\/\",\"logo\":{\"@type\":\"ImageObject\",\"inLanguage\":\"en-GB\",\"@id\":\"https:\\\/\\\/aviation-news.info\\\/#\\\/schema\\\/logo\\\/image\\\/\",\"url\":\"https:\\\/\\\/aviation-news.info\\\/wp-content\\\/uploads\\\/2025\\\/01\\\/aviation-news-logo.png\",\"contentUrl\":\"https:\\\/\\\/aviation-news.info\\\/wp-content\\\/uploads\\\/2025\\\/01\\\/aviation-news-logo.png\",\"width\":500,\"height\":154,\"caption\":\"aviation news\"},\"image\":{\"@id\":\"https:\\\/\\\/aviation-news.info\\\/#\\\/schema\\\/logo\\\/image\\\/\"},\"sameAs\":[\"https:\\\/\\\/www.facebook.com\\\/profile.php?id=100088552298353\",\"https:\\\/\\\/x.com\\\/aviationne428\"]},{\"@type\":\"Person\",\"@id\":\"https:\\\/\\\/aviation-news.info\\\/#\\\/schema\\\/person\\\/02e91cef3ca1560c153b683711401bd3\",\"name\":\"adminnews\",\"sameAs\":[\"https:\\\/\\\/aviationnews-inetrnational.com\"],\"url\":\"https:\\\/\\\/aviation-news.info\\\/?author=1\"}]}<\/script>\n<!-- \/ Yoast SEO Premium plugin. -->","yoast_head_json":{"title":"Middle East Airlines To Rejig Schedule After Lebanon Time Zone Chaos - aviation news","robots":{"index":"index","follow":"follow","max-snippet":"max-snippet:-1","max-image-preview":"max-image-preview:large","max-video-preview":"max-video-preview:-1"},"canonical":"https:\/\/aviation-news.info\/?p=4396","og_locale":"en_GB","og_type":"article","og_title":"Middle East Airlines To Rejig Schedule After Lebanon Time Zone Chaos","og_description":"Lebanon&#8217;s flagship carrier\u00a0Middle East Airlines, readjusted its\u00a0flight schedules\u00a0after the Lebanese government reversed its decision to postpone daylight savings. The airline announced the change, which focuses on its hub at Beirut\u2013Rafic Hariri International Airport on Monday. According to authorities, daylight saving time will start Wednesday night. Lebanon&#8217;s Prime Minister said the country would need 48 hours &hellip;","og_url":"https:\/\/aviation-news.info\/?p=4396","og_site_name":"aviation news","article_publisher":"https:\/\/www.facebook.com\/profile.php?id=100088552298353","article_published_time":"2023-03-28T09:40:04+00:00","og_image":[{"width":1422,"height":803,"url":"https:\/\/aviationnews-international.com\/wp-content\/uploads\/2023\/03\/Screenshot-2023-03-28-124136.png","type":"image\/png"}],"author":"adminnews","twitter_card":"summary_large_image","twitter_creator":"@aviationne428","twitter_site":"@aviationne428","twitter_misc":{"Written by":"adminnews","Estimated reading time":"3 minutes"},"schema":{"@context":"https:\/\/schema.org","@graph":[{"@type":"Article","@id":"https:\/\/aviation-news.info\/?p=4396#article","isPartOf":{"@id":"https:\/\/aviation-news.info\/?p=4396"},"author":{"name":"adminnews","@id":"https:\/\/aviation-news.info\/#\/schema\/person\/02e91cef3ca1560c153b683711401bd3"},"headline":"Middle East Airlines To Rejig Schedule After Lebanon Time Zone Chaos","datePublished":"2023-03-28T09:40:04+00:00","mainEntityOfPage":{"@id":"https:\/\/aviation-news.info\/?p=4396"},"wordCount":547,"publisher":{"@id":"https:\/\/aviation-news.info\/#organization"},"image":{"@id":"https:\/\/aviation-news.info\/?p=4396#primaryimage"},"thumbnailUrl":"https:\/\/aviation-news.info\/wp-content\/uploads\/2023\/03\/Screenshot-2023-03-28-124136.png","articleSection":["Aviation world","Featured"],"inLanguage":"en-GB"},{"@type":"WebPage","@id":"https:\/\/aviation-news.info\/?p=4396","url":"https:\/\/aviation-news.info\/?p=4396","name":"Middle East Airlines To Rejig Schedule After Lebanon Time Zone Chaos - aviation news","isPartOf":{"@id":"https:\/\/aviation-news.info\/#website"},"primaryImageOfPage":{"@id":"https:\/\/aviation-news.info\/?p=4396#primaryimage"},"image":{"@id":"https:\/\/aviation-news.info\/?p=4396#primaryimage"},"thumbnailUrl":"https:\/\/aviation-news.info\/wp-content\/uploads\/2023\/03\/Screenshot-2023-03-28-124136.png","datePublished":"2023-03-28T09:40:04+00:00","breadcrumb":{"@id":"https:\/\/aviation-news.info\/?p=4396#breadcrumb"},"inLanguage":"en-GB","potentialAction":[{"@type":"ReadAction","target":["https:\/\/aviation-news.info\/?p=4396"]}]},{"@type":"ImageObject","inLanguage":"en-GB","@id":"https:\/\/aviation-news.info\/?p=4396#primaryimage","url":"https:\/\/aviation-news.info\/wp-content\/uploads\/2023\/03\/Screenshot-2023-03-28-124136.png","contentUrl":"https:\/\/aviation-news.info\/wp-content\/uploads\/2023\/03\/Screenshot-2023-03-28-124136.png","width":1422,"height":803},{"@type":"BreadcrumbList","@id":"https:\/\/aviation-news.info\/?p=4396#breadcrumb","itemListElement":[{"@type":"ListItem","position":1,"name":"Home","item":"https:\/\/aviation-news.info\/"},{"@type":"ListItem","position":2,"name":"Middle East Airlines To Rejig Schedule After Lebanon Time Zone Chaos"}]},{"@type":"WebSite","@id":"https:\/\/aviation-news.info\/#website","url":"https:\/\/aviation-news.info\/","name":"aviation news","description":"","publisher":{"@id":"https:\/\/aviation-news.info\/#organization"},"potentialAction":[{"@type":"SearchAction","target":{"@type":"EntryPoint","urlTemplate":"https:\/\/aviation-news.info\/?s={search_term_string}"},"query-input":{"@type":"PropertyValueSpecification","valueRequired":true,"valueName":"search_term_string"}}],"inLanguage":"en-GB"},{"@type":"Organization","@id":"https:\/\/aviation-news.info\/#organization","name":"aviation news","url":"https:\/\/aviation-news.info\/","logo":{"@type":"ImageObject","inLanguage":"en-GB","@id":"https:\/\/aviation-news.info\/#\/schema\/logo\/image\/","url":"https:\/\/aviation-news.info\/wp-content\/uploads\/2025\/01\/aviation-news-logo.png","contentUrl":"https:\/\/aviation-news.info\/wp-content\/uploads\/2025\/01\/aviation-news-logo.png","width":500,"height":154,"caption":"aviation news"},"image":{"@id":"https:\/\/aviation-news.info\/#\/schema\/logo\/image\/"},"sameAs":["https:\/\/www.facebook.com\/profile.php?id=100088552298353","https:\/\/x.com\/aviationne428"]},{"@type":"Person","@id":"https:\/\/aviation-news.info\/#\/schema\/person\/02e91cef3ca1560c153b683711401bd3","name":"adminnews","sameAs":["https:\/\/aviationnews-inetrnational.com"],"url":"https:\/\/aviation-news.info\/?author=1"}]}},"jetpack_publicize_connections":[],"jetpack_featured_media_url":"https:\/\/aviation-news.info\/wp-content\/uploads\/2023\/03\/Screenshot-2023-03-28-124136.png","jetpack_sharing_enabled":true,"amp_enabled":true,"_links":{"self":[{"href":"https:\/\/aviation-news.info\/index.php?rest_route=\/wp\/v2\/posts\/4396","targetHints":{"allow":["GET"]}}],"collection":[{"href":"https:\/\/aviation-news.info\/index.php?rest_route=\/wp\/v2\/posts"}],"about":[{"href":"https:\/\/aviation-news.info\/index.php?rest_route=\/wp\/v2\/types\/post"}],"author":[{"embeddable":true,"href":"https:\/\/aviation-news.info\/index.php?rest_route=\/wp\/v2\/users\/1"}],"replies":[{"embeddable":true,"href":"https:\/\/aviation-news.info\/index.php?rest_route=%2Fwp%2Fv2%2Fcomments&post=4396"}],"version-history":[{"count":0,"href":"https:\/\/aviation-news.info\/index.php?rest_route=\/wp\/v2\/posts\/4396\/revisions"}],"wp:featuredmedia":[{"embeddable":true,"href":"https:\/\/aviation-news.info\/index.php?rest_route=\/wp\/v2\/media\/4397"}],"wp:attachment":[{"href":"https:\/\/aviation-news.info\/index.php?rest_route=%2Fwp%2Fv2%2Fmedia&parent=4396"}],"wp:term":[{"taxonomy":"category","embeddable":true,"href":"https:\/\/aviation-news.info\/index.php?rest_route=%2Fwp%2Fv2%2Fcategories&post=4396"},{"taxonomy":"post_tag","embeddable":true,"href":"https:\/\/aviation-news.info\/index.php?rest_route=%2Fwp%2Fv2%2Ftags&post=4396"}],"curies":[{"name":"wp","href":"https:\/\/api.w.org\/{rel}","templated":true}]}}