{"id":9039,"date":"2023-10-07T11:02:12","date_gmt":"2023-10-07T11:02:12","guid":{"rendered":"https:\/\/aviation-news.info\/?p=9039"},"modified":"2023-10-07T11:02:12","modified_gmt":"2023-10-07T11:02:12","slug":"azul-linhas-aereas-to-increase-operations-by-10x-at-rio-galeao","status":"publish","type":"post","link":"https:\/\/aviation-news.info\/?p=9039","title":{"rendered":"Azul Linhas A\u00e9reas To Increase Operations By 10x At Rio-Gale\u00e3o"},"content":{"rendered":"<p>Aviation news international- The Brazilian carrier <a href=\"https:\/\/simpleflying.com\/tag\/azul\/\">Azul Linhas A\u00e9reas<\/a>\u00a0has announced the gradual expansion of its operations at\u00a0<a href=\"https:\/\/simpleflying.com\/tag\/rio-de-janeiro\/\">Gale\u00e3o International Airport<\/a>\u00a0(GIG) in Rio de Janeiro. It will increase its presence at the airport by tenfold starting from December 23, 2023.<\/p>\n<h2 id=\"increasing-operations-in-rio-de-janeiro\">Increasing operations in Rio de Janeiro<\/h2>\n<p>On Friday, Azul Linhas A\u00e9reas announced the expansion of its operations at Galeao International Airport, also known as Tom Jobim International Airport. According to data from ch-aviation, Azul currently operates only one route from GIG, serving 26 weekly flights to S\u00e3o Paulo Viracopos (VCP).<\/p>\n<div class=\"body-img landscape\">\n<div class=\"responsive-img image-expandable img-article-item\" data-img-url=\"https:\/\/static1.simpleflyingimages.com\/wordpress\/wp-content\/uploads\/2023\/10\/a320neo-azul-daisy-msn11135-on-ground-delivery-day-cr-ditos-airbus-2.jpg\" data-img-desc=\"&quot;Photo: Azul.&quot;\" data-modal-id=\"single-image-modal\" data-modal-container-id=\"single-image-modal-container\" data-img-caption=\"null\">\n<figure><picture><source srcset=\"https:\/\/static1.simpleflyingimages.com\/wordpress\/wp-content\/uploads\/2023\/10\/a320neo-azul-daisy-msn11135-on-ground-delivery-day-cr-ditos-airbus-2.jpg?q=50&amp;fit=crop&amp;w=1500&amp;dpr=1.5\" media=\"(min-width: 1024px)\" sizes=\"1500px\" data-srcset=\"https:\/\/static1.simpleflyingimages.com\/wordpress\/wp-content\/uploads\/2023\/10\/a320neo-azul-daisy-msn11135-on-ground-delivery-day-cr-ditos-airbus-2.jpg?q=50&amp;fit=crop&amp;w=1500&amp;dpr=1.5\" \/><source srcset=\"https:\/\/static1.simpleflyingimages.com\/wordpress\/wp-content\/uploads\/2023\/10\/a320neo-azul-daisy-msn11135-on-ground-delivery-day-cr-ditos-airbus-2.jpg?q=50&amp;fit=crop&amp;w=943&amp;dpr=1.5\" media=\"(min-width: 768px)\" sizes=\"943px\" data-srcset=\"https:\/\/static1.simpleflyingimages.com\/wordpress\/wp-content\/uploads\/2023\/10\/a320neo-azul-daisy-msn11135-on-ground-delivery-day-cr-ditos-airbus-2.jpg?q=50&amp;fit=crop&amp;w=943&amp;dpr=1.5\" \/><source srcset=\"https:\/\/static1.simpleflyingimages.com\/wordpress\/wp-content\/uploads\/2023\/10\/a320neo-azul-daisy-msn11135-on-ground-delivery-day-cr-ditos-airbus-2.jpg?q=50&amp;fit=crop&amp;w=767&amp;dpr=1.5\" media=\"(min-width: 481px)\" sizes=\"767px\" data-srcset=\"https:\/\/static1.simpleflyingimages.com\/wordpress\/wp-content\/uploads\/2023\/10\/a320neo-azul-daisy-msn11135-on-ground-delivery-day-cr-ditos-airbus-2.jpg?q=50&amp;fit=crop&amp;w=767&amp;dpr=1.5\" \/><source srcset=\"https:\/\/static1.simpleflyingimages.com\/wordpress\/wp-content\/uploads\/2023\/10\/a320neo-azul-daisy-msn11135-on-ground-delivery-day-cr-ditos-airbus-2.jpg?q=50&amp;fit=crop&amp;w=480&amp;dpr=1.5\" media=\"(min-width: 0px)\" sizes=\"480px\" data-srcset=\"https:\/\/static1.simpleflyingimages.com\/wordpress\/wp-content\/uploads\/2023\/10\/a320neo-azul-daisy-msn11135-on-ground-delivery-day-cr-ditos-airbus-2.jpg?q=50&amp;fit=crop&amp;w=480&amp;dpr=1.5\" \/><img class=\" lazyloaded\" alt=\"An Azul Linhas Aircraft painted with a Daisy Duck livery\" width=\"3626\" height=\"2413\" data-img-url=\"https:\/\/static1.simpleflyingimages.com\/wordpress\/wp-content\/uploads\/2023\/10\/a320neo-azul-daisy-msn11135-on-ground-delivery-day-cr-ditos-airbus-2.jpg\" \/><\/picture><\/figure>\n<\/div>\n<div class=\"img-description\">Photo: Azul.<\/div>\n<\/div>\n<p>The Brazilian airline will expand from three daily departures on average at the moment to 30 direct flights. By doing so, it will be able to connect the Rio de Janeiro airport with other Brazilian cities through\u00a0<a href=\"https:\/\/simpleflying.com\/tag\/new-routes\/\">new routes<\/a>\u00a0to destinations such as Curitiba(CWB), Porto Alegre (POA), Belo Horizonte Confins International (CNF), Recife (REC), Campina Grande (CPV), Sao Paulo Guarulhos (GRU), and Viracopos International.<\/p>\n<section class=\"emaki-custom-block emaki-custom-tip\">\n<div id=\"custom_block_6\" class=\"emaki-custom tip\">\n<div class=\"custom_block-content\">\n<p>Discover more\u00a0<a href=\"http:\/\/simpleflying.com\/category\/aviation-news\/\">aviation news<\/a>\u00a0with Simple Flying.<\/p>\n<\/div>\n<\/div>\n<\/section>\n<p>Azul Linhas A\u00e9reas is tripling its connectivity from Galeao International with the aim of serving its customers and strengthening its presence in the city, it said in a statement.<\/p>\n<div class=\"ad-odd\"><\/div>\n<h2 id=\"strengthening-the-presence-in-rio\">Strengthening the presence in Rio<\/h2>\n<p>Azul has long been an active player in the Rio de Janeiro market. The company operated its first flight from the famous Brazilian city in March 2009, just three months after its first commercial flight overall. Therefore, it knows the importance of the Rio de Janeiro market. F\u00e1bio Campos, Director of Institutional Relations at Azul, said in a statement,<\/p>\n<section class=\"emaki-custom-block emaki-custom-pullquote\">\n<div id=\"custom_block_10\" class=\"emaki-custom pullquote\">\n<div class=\"custom_block-content\">\n<p><em>\u201cWe are focused on expanding our operations at Gale\u00e3o Airport, a facility of utmost importance to Rio de Janeiro. The incredible city is an integral part of our history, and we have invested significantly since 2009 to offer quality service to the people of Rio. Rio is, and will continue to be, very relevant to our air network, supporting the economic and tourist development of Rio de Janeiro, connecting the city to more than 150 destinations served by Azul.\u201d<\/em><\/p>\n<\/div>\n<\/div>\n<\/section>\n<p>Azul also operates from Rio\u2019s second airport, Santos Dumont Airport (SDU). The company pledged to continue its shuttle flights to Congonhas from SDU, with 13 daily services in each direction, enhancing connectivity for customers traveling between the two cities.<\/p>\n<div class=\"body-img landscape\">\n<div class=\"responsive-img image-expandable img-article-item\" data-img-url=\"https:\/\/static1.simpleflyingimages.com\/wordpress\/wp-content\/uploads\/2023\/10\/an-azul-linhas-a-reas-a330-200-matheus-obst.jpg\" data-img-desc=\"&quot;Photo: Matheus Obst\\\/Shutterstock.&quot;\" data-modal-id=\"single-image-modal\" data-modal-container-id=\"single-image-modal-container\" data-img-caption=\"null\">\n<figure><picture><source srcset=\"https:\/\/static1.simpleflyingimages.com\/wordpress\/wp-content\/uploads\/2023\/10\/an-azul-linhas-a-reas-a330-200-matheus-obst.jpg?q=50&amp;fit=crop&amp;w=1500&amp;dpr=1.5\" media=\"(min-width: 1024px)\" sizes=\"1500px\" data-srcset=\"https:\/\/static1.simpleflyingimages.com\/wordpress\/wp-content\/uploads\/2023\/10\/an-azul-linhas-a-reas-a330-200-matheus-obst.jpg?q=50&amp;fit=crop&amp;w=1500&amp;dpr=1.5\" \/><source srcset=\"https:\/\/static1.simpleflyingimages.com\/wordpress\/wp-content\/uploads\/2023\/10\/an-azul-linhas-a-reas-a330-200-matheus-obst.jpg?q=50&amp;fit=crop&amp;w=943&amp;dpr=1.5\" media=\"(min-width: 768px)\" sizes=\"943px\" data-srcset=\"https:\/\/static1.simpleflyingimages.com\/wordpress\/wp-content\/uploads\/2023\/10\/an-azul-linhas-a-reas-a330-200-matheus-obst.jpg?q=50&amp;fit=crop&amp;w=943&amp;dpr=1.5\" \/><source srcset=\"https:\/\/static1.simpleflyingimages.com\/wordpress\/wp-content\/uploads\/2023\/10\/an-azul-linhas-a-reas-a330-200-matheus-obst.jpg?q=50&amp;fit=crop&amp;w=767&amp;dpr=1.5\" media=\"(min-width: 481px)\" sizes=\"767px\" data-srcset=\"https:\/\/static1.simpleflyingimages.com\/wordpress\/wp-content\/uploads\/2023\/10\/an-azul-linhas-a-reas-a330-200-matheus-obst.jpg?q=50&amp;fit=crop&amp;w=767&amp;dpr=1.5\" \/><source srcset=\"https:\/\/static1.simpleflyingimages.com\/wordpress\/wp-content\/uploads\/2023\/10\/an-azul-linhas-a-reas-a330-200-matheus-obst.jpg?q=50&amp;fit=crop&amp;w=480&amp;dpr=1.5\" media=\"(min-width: 0px)\" sizes=\"480px\" data-srcset=\"https:\/\/static1.simpleflyingimages.com\/wordpress\/wp-content\/uploads\/2023\/10\/an-azul-linhas-a-reas-a330-200-matheus-obst.jpg?q=50&amp;fit=crop&amp;w=480&amp;dpr=1.5\" \/><img class=\" lazyloaded\" alt=\"An Azul Linhas A\u00e9reas A330-200 \" width=\"4049\" height=\"2531\" data-img-url=\"https:\/\/static1.simpleflyingimages.com\/wordpress\/wp-content\/uploads\/2023\/10\/an-azul-linhas-a-reas-a330-200-matheus-obst.jpg\" \/><\/picture><\/figure>\n<\/div>\n<div class=\"img-description\">Photo: Matheus Obst\/Shutterstock.<\/div>\n<\/div>\n<section class=\"emaki-custom-block emaki-custom-note\">\n<div id=\"custom_block_13\" class=\"emaki-custom note\">\n<div class=\"custom_block-content\">\n<p>Did you know the air connectivity between Sao Paulo\u2019s CGH and Rio de Janeiro\u2019s SDU has the largest amount of weekly flights globally between two airports that are a maximum of 275 miles apart? The two airports have 371 weekly flights connecting them.<\/p>\n<\/div>\n<\/div>\n<\/section>\n<div class=\"ad-even\"><\/div>\n<h2 id=\"azul-rsquo-s-diverse-route-map\">Azul\u2019s diverse route map<\/h2>\n<p>The Brazilian airline is known for having the most extensive route map in Brazil, reaching far more destinations than its counterparts, LATAM Brasil and GOL Linhas A\u00e9reas. With an active fleet of over 160 aircraft and 15,000 employees, Azul offers 300 direct routes in regional, domestic, and international flights. The airline has a wide range of aircraft at its disposal, from nine-seat Cessna Grand Caravan aircraft to widebodies such as the Airbus A350-900s and the A330-900s.<\/p>\n<div class=\"body-img landscape\">\n<div class=\"responsive-img image-expandable img-article-item\" data-img-url=\"https:\/\/static1.simpleflyingimages.com\/wordpress\/wp-content\/uploads\/2023\/04\/9-azul-realiza-voo-inaugural-do-a350.jpeg\" data-img-desc=\"&quot;Photo: Azul&quot;\" data-modal-id=\"single-image-modal\" data-modal-container-id=\"single-image-modal-container\" data-img-caption=\"null\">\n<figure><picture><source srcset=\"https:\/\/static1.simpleflyingimages.com\/wordpress\/wp-content\/uploads\/2023\/04\/9-azul-realiza-voo-inaugural-do-a350.jpeg?q=50&amp;fit=crop&amp;w=1500&amp;dpr=1.5\" media=\"(min-width: 1024px)\" sizes=\"1500px\" data-srcset=\"https:\/\/static1.simpleflyingimages.com\/wordpress\/wp-content\/uploads\/2023\/04\/9-azul-realiza-voo-inaugural-do-a350.jpeg?q=50&amp;fit=crop&amp;w=1500&amp;dpr=1.5\" \/><source srcset=\"https:\/\/static1.simpleflyingimages.com\/wordpress\/wp-content\/uploads\/2023\/04\/9-azul-realiza-voo-inaugural-do-a350.jpeg?q=50&amp;fit=crop&amp;w=943&amp;dpr=1.5\" media=\"(min-width: 768px)\" sizes=\"943px\" data-srcset=\"https:\/\/static1.simpleflyingimages.com\/wordpress\/wp-content\/uploads\/2023\/04\/9-azul-realiza-voo-inaugural-do-a350.jpeg?q=50&amp;fit=crop&amp;w=943&amp;dpr=1.5\" \/><source srcset=\"https:\/\/static1.simpleflyingimages.com\/wordpress\/wp-content\/uploads\/2023\/04\/9-azul-realiza-voo-inaugural-do-a350.jpeg?q=50&amp;fit=crop&amp;w=767&amp;dpr=1.5\" media=\"(min-width: 481px)\" sizes=\"767px\" data-srcset=\"https:\/\/static1.simpleflyingimages.com\/wordpress\/wp-content\/uploads\/2023\/04\/9-azul-realiza-voo-inaugural-do-a350.jpeg?q=50&amp;fit=crop&amp;w=767&amp;dpr=1.5\" \/><source srcset=\"https:\/\/static1.simpleflyingimages.com\/wordpress\/wp-content\/uploads\/2023\/04\/9-azul-realiza-voo-inaugural-do-a350.jpeg?q=50&amp;fit=crop&amp;w=480&amp;dpr=1.5\" media=\"(min-width: 0px)\" sizes=\"480px\" data-srcset=\"https:\/\/static1.simpleflyingimages.com\/wordpress\/wp-content\/uploads\/2023\/04\/9-azul-realiza-voo-inaugural-do-a350.jpeg?q=50&amp;fit=crop&amp;w=480&amp;dpr=1.5\" \/><img class=\" lazyloaded\" alt=\"An Azul Airbus A350\" width=\"1600\" height=\"1200\" data-img-url=\"https:\/\/static1.simpleflyingimages.com\/wordpress\/wp-content\/uploads\/2023\/04\/9-azul-realiza-voo-inaugural-do-a350.jpeg\" \/><\/picture><\/figure>\n<\/div>\n<div class=\"img-description\">Photo: Azul<\/div>\n<\/div>\n<p>The airline doesn\u2019t operate exclusively from a single hub. Instead, it has bases in many Brazilian airports, although Viracopos is the main airport for the company. It operates 1,014 weekly flights departing from VCP, followed by Belo Horizonte CNF with 624 departures and Recife with 503.<\/p>\n<p><strong>What do you think about Azul Linhas A\u00e9reas increasing its connectivity from Rio de Janeiro airport? Let us know in the comments below.<\/strong><\/p>\n<p><em>Source:\u00a0<a href=\"https:\/\/www.cirium.com\/\" target=\"_blank\" rel=\"noopener noreferrer\">Cirium<\/a><\/em><\/p>\n","protected":false},"excerpt":{"rendered":"<p>Aviation news international- The Brazilian carrier Azul Linhas A\u00e9reas\u00a0has announced the gradual expansion of its operations at\u00a0Gale\u00e3o International Airport\u00a0(GIG) in Rio de Janeiro. It will increase its presence at the airport by tenfold starting from December 23, 2023. Increasing operations in Rio de Janeiro On Friday, Azul Linhas A\u00e9reas announced the expansion of its operations &hellip;<\/p>\n","protected":false},"author":1,"featured_media":9040,"comment_status":"closed","ping_status":"closed","sticky":false,"template":"","format":"standard","meta":{"_bbp_topic_count":0,"_bbp_reply_count":0,"_bbp_total_topic_count":0,"_bbp_total_reply_count":0,"_bbp_voice_count":0,"_bbp_anonymous_reply_count":0,"_bbp_topic_count_hidden":0,"_bbp_reply_count_hidden":0,"_bbp_forum_subforum_count":0,"_monsterinsights_skip_tracking":false,"_monsterinsights_sitenote_active":false,"_monsterinsights_sitenote_note":"","_monsterinsights_sitenote_category":0,"_jetpack_memberships_contains_paid_content":false,"footnotes":"","jetpack_publicize_message":"","jetpack_publicize_feature_enabled":true,"jetpack_social_post_already_shared":true,"jetpack_social_options":{"image_generator_settings":{"template":"highway","default_image_id":0,"font":"","enabled":false},"version":2},"_wpscppro_dont_share_socialmedia":false,"_wpscppro_custom_social_share_image":0,"_facebook_share_type":"","_twitter_share_type":"","_linkedin_share_type":"","_pinterest_share_type":"","_linkedin_share_type_page":"","_instagram_share_type":"","_medium_share_type":"","_threads_share_type":"","_google_business_share_type":"","_selected_social_profile":[],"_wpsp_enable_custom_social_template":false,"_wpsp_social_scheduling":{"enabled":false,"datetime":null,"platforms":[],"status":"template_only","dateOption":"today","timeOption":"now","customDays":"","customHours":"","customDate":"","customTime":"","schedulingType":"absolute"},"_wpsp_active_default_template":true},"categories":[102,88],"tags":[],"class_list":["post-9039","post","type-post","status-publish","format-standard","has-post-thumbnail","hentry","category-featured-en","category-flights"],"yoast_head":"<!-- This site is optimized with the Yoast SEO Premium plugin v27.4 (Yoast SEO v27.4) - https:\/\/yoast.com\/product\/yoast-seo-premium-wordpress\/ -->\n<title>Azul Linhas A\u00e9reas To Increase Operations By 10x At Rio-Gale\u00e3o - aviation news<\/title>\n<meta name=\"robots\" content=\"index, follow, max-snippet:-1, max-image-preview:large, max-video-preview:-1\" \/>\n<link rel=\"canonical\" href=\"https:\/\/aviation-news.info\/?p=9039\" \/>\n<meta property=\"og:locale\" content=\"en_GB\" \/>\n<meta property=\"og:type\" content=\"article\" \/>\n<meta property=\"og:title\" content=\"Azul Linhas A\u00e9reas To Increase Operations By 10x At Rio-Gale\u00e3o\" \/>\n<meta property=\"og:description\" content=\"Aviation news international- The Brazilian carrier Azul Linhas A\u00e9reas\u00a0has announced the gradual expansion of its operations at\u00a0Gale\u00e3o International Airport\u00a0(GIG) in Rio de Janeiro. It will increase its presence at the airport by tenfold starting from December 23, 2023. Increasing operations in Rio de Janeiro On Friday, Azul Linhas A\u00e9reas announced the expansion of its operations &hellip;\" \/>\n<meta property=\"og:url\" content=\"https:\/\/aviation-news.info\/?p=9039\" \/>\n<meta property=\"og:site_name\" content=\"aviation news\" \/>\n<meta property=\"article:publisher\" content=\"https:\/\/www.facebook.com\/profile.php?id=100088552298353\" \/>\n<meta property=\"article:published_time\" content=\"2023-10-07T11:02:12+00:00\" \/>\n<meta property=\"og:image\" content=\"https:\/\/aviationnews-international.com\/wp-content\/uploads\/2023\/10\/Screenshot-2023-10-07-135951.png\" \/>\n\t<meta property=\"og:image:width\" content=\"1430\" \/>\n\t<meta property=\"og:image:height\" content=\"797\" \/>\n\t<meta property=\"og:image:type\" content=\"image\/png\" \/>\n<meta name=\"author\" content=\"adminnews\" \/>\n<meta name=\"twitter:card\" content=\"summary_large_image\" \/>\n<meta name=\"twitter:creator\" content=\"@aviationne428\" \/>\n<meta name=\"twitter:site\" content=\"@aviationne428\" \/>\n<meta name=\"twitter:label1\" content=\"Written by\" \/>\n\t<meta name=\"twitter:data1\" content=\"adminnews\" \/>\n\t<meta name=\"twitter:label2\" content=\"Estimated reading time\" \/>\n\t<meta name=\"twitter:data2\" content=\"4 minutes\" \/>\n<script type=\"application\/ld+json\" class=\"yoast-schema-graph\">{\"@context\":\"https:\\\/\\\/schema.org\",\"@graph\":[{\"@type\":\"Article\",\"@id\":\"https:\\\/\\\/aviation-news.info\\\/?p=9039#article\",\"isPartOf\":{\"@id\":\"https:\\\/\\\/aviation-news.info\\\/?p=9039\"},\"author\":{\"name\":\"adminnews\",\"@id\":\"https:\\\/\\\/aviation-news.info\\\/#\\\/schema\\\/person\\\/02e91cef3ca1560c153b683711401bd3\"},\"headline\":\"Azul Linhas A\u00e9reas To Increase Operations By 10x At Rio-Gale\u00e3o\",\"datePublished\":\"2023-10-07T11:02:12+00:00\",\"mainEntityOfPage\":{\"@id\":\"https:\\\/\\\/aviation-news.info\\\/?p=9039\"},\"wordCount\":590,\"publisher\":{\"@id\":\"https:\\\/\\\/aviation-news.info\\\/#organization\"},\"image\":{\"@id\":\"https:\\\/\\\/aviation-news.info\\\/?p=9039#primaryimage\"},\"thumbnailUrl\":\"https:\\\/\\\/aviation-news.info\\\/wp-content\\\/uploads\\\/2023\\\/10\\\/Screenshot-2023-10-07-135951.png\",\"articleSection\":[\"Featured\",\"Flights\"],\"inLanguage\":\"en-GB\"},{\"@type\":\"WebPage\",\"@id\":\"https:\\\/\\\/aviation-news.info\\\/?p=9039\",\"url\":\"https:\\\/\\\/aviation-news.info\\\/?p=9039\",\"name\":\"Azul Linhas A\u00e9reas To Increase Operations By 10x At Rio-Gale\u00e3o - aviation news\",\"isPartOf\":{\"@id\":\"https:\\\/\\\/aviation-news.info\\\/#website\"},\"primaryImageOfPage\":{\"@id\":\"https:\\\/\\\/aviation-news.info\\\/?p=9039#primaryimage\"},\"image\":{\"@id\":\"https:\\\/\\\/aviation-news.info\\\/?p=9039#primaryimage\"},\"thumbnailUrl\":\"https:\\\/\\\/aviation-news.info\\\/wp-content\\\/uploads\\\/2023\\\/10\\\/Screenshot-2023-10-07-135951.png\",\"datePublished\":\"2023-10-07T11:02:12+00:00\",\"breadcrumb\":{\"@id\":\"https:\\\/\\\/aviation-news.info\\\/?p=9039#breadcrumb\"},\"inLanguage\":\"en-GB\",\"potentialAction\":[{\"@type\":\"ReadAction\",\"target\":[\"https:\\\/\\\/aviation-news.info\\\/?p=9039\"]}]},{\"@type\":\"ImageObject\",\"inLanguage\":\"en-GB\",\"@id\":\"https:\\\/\\\/aviation-news.info\\\/?p=9039#primaryimage\",\"url\":\"https:\\\/\\\/aviation-news.info\\\/wp-content\\\/uploads\\\/2023\\\/10\\\/Screenshot-2023-10-07-135951.png\",\"contentUrl\":\"https:\\\/\\\/aviation-news.info\\\/wp-content\\\/uploads\\\/2023\\\/10\\\/Screenshot-2023-10-07-135951.png\",\"width\":1430,\"height\":797},{\"@type\":\"BreadcrumbList\",\"@id\":\"https:\\\/\\\/aviation-news.info\\\/?p=9039#breadcrumb\",\"itemListElement\":[{\"@type\":\"ListItem\",\"position\":1,\"name\":\"Home\",\"item\":\"https:\\\/\\\/aviation-news.info\\\/\"},{\"@type\":\"ListItem\",\"position\":2,\"name\":\"Azul Linhas A\u00e9reas To Increase Operations By 10x At Rio-Gale\u00e3o\"}]},{\"@type\":\"WebSite\",\"@id\":\"https:\\\/\\\/aviation-news.info\\\/#website\",\"url\":\"https:\\\/\\\/aviation-news.info\\\/\",\"name\":\"aviation news\",\"description\":\"\",\"publisher\":{\"@id\":\"https:\\\/\\\/aviation-news.info\\\/#organization\"},\"potentialAction\":[{\"@type\":\"SearchAction\",\"target\":{\"@type\":\"EntryPoint\",\"urlTemplate\":\"https:\\\/\\\/aviation-news.info\\\/?s={search_term_string}\"},\"query-input\":{\"@type\":\"PropertyValueSpecification\",\"valueRequired\":true,\"valueName\":\"search_term_string\"}}],\"inLanguage\":\"en-GB\"},{\"@type\":\"Organization\",\"@id\":\"https:\\\/\\\/aviation-news.info\\\/#organization\",\"name\":\"aviation news\",\"url\":\"https:\\\/\\\/aviation-news.info\\\/\",\"logo\":{\"@type\":\"ImageObject\",\"inLanguage\":\"en-GB\",\"@id\":\"https:\\\/\\\/aviation-news.info\\\/#\\\/schema\\\/logo\\\/image\\\/\",\"url\":\"https:\\\/\\\/aviation-news.info\\\/wp-content\\\/uploads\\\/2025\\\/01\\\/aviation-news-logo.png\",\"contentUrl\":\"https:\\\/\\\/aviation-news.info\\\/wp-content\\\/uploads\\\/2025\\\/01\\\/aviation-news-logo.png\",\"width\":500,\"height\":154,\"caption\":\"aviation news\"},\"image\":{\"@id\":\"https:\\\/\\\/aviation-news.info\\\/#\\\/schema\\\/logo\\\/image\\\/\"},\"sameAs\":[\"https:\\\/\\\/www.facebook.com\\\/profile.php?id=100088552298353\",\"https:\\\/\\\/x.com\\\/aviationne428\"]},{\"@type\":\"Person\",\"@id\":\"https:\\\/\\\/aviation-news.info\\\/#\\\/schema\\\/person\\\/02e91cef3ca1560c153b683711401bd3\",\"name\":\"adminnews\",\"sameAs\":[\"https:\\\/\\\/aviationnews-inetrnational.com\"],\"url\":\"https:\\\/\\\/aviation-news.info\\\/?author=1\"}]}<\/script>\n<!-- \/ Yoast SEO Premium plugin. -->","yoast_head_json":{"title":"Azul Linhas A\u00e9reas To Increase Operations By 10x At Rio-Gale\u00e3o - aviation news","robots":{"index":"index","follow":"follow","max-snippet":"max-snippet:-1","max-image-preview":"max-image-preview:large","max-video-preview":"max-video-preview:-1"},"canonical":"https:\/\/aviation-news.info\/?p=9039","og_locale":"en_GB","og_type":"article","og_title":"Azul Linhas A\u00e9reas To Increase Operations By 10x At Rio-Gale\u00e3o","og_description":"Aviation news international- The Brazilian carrier Azul Linhas A\u00e9reas\u00a0has announced the gradual expansion of its operations at\u00a0Gale\u00e3o International Airport\u00a0(GIG) in Rio de Janeiro. It will increase its presence at the airport by tenfold starting from December 23, 2023. Increasing operations in Rio de Janeiro On Friday, Azul Linhas A\u00e9reas announced the expansion of its operations &hellip;","og_url":"https:\/\/aviation-news.info\/?p=9039","og_site_name":"aviation news","article_publisher":"https:\/\/www.facebook.com\/profile.php?id=100088552298353","article_published_time":"2023-10-07T11:02:12+00:00","og_image":[{"width":1430,"height":797,"url":"https:\/\/aviationnews-international.com\/wp-content\/uploads\/2023\/10\/Screenshot-2023-10-07-135951.png","type":"image\/png"}],"author":"adminnews","twitter_card":"summary_large_image","twitter_creator":"@aviationne428","twitter_site":"@aviationne428","twitter_misc":{"Written by":"adminnews","Estimated reading time":"4 minutes"},"schema":{"@context":"https:\/\/schema.org","@graph":[{"@type":"Article","@id":"https:\/\/aviation-news.info\/?p=9039#article","isPartOf":{"@id":"https:\/\/aviation-news.info\/?p=9039"},"author":{"name":"adminnews","@id":"https:\/\/aviation-news.info\/#\/schema\/person\/02e91cef3ca1560c153b683711401bd3"},"headline":"Azul Linhas A\u00e9reas To Increase Operations By 10x At Rio-Gale\u00e3o","datePublished":"2023-10-07T11:02:12+00:00","mainEntityOfPage":{"@id":"https:\/\/aviation-news.info\/?p=9039"},"wordCount":590,"publisher":{"@id":"https:\/\/aviation-news.info\/#organization"},"image":{"@id":"https:\/\/aviation-news.info\/?p=9039#primaryimage"},"thumbnailUrl":"https:\/\/aviation-news.info\/wp-content\/uploads\/2023\/10\/Screenshot-2023-10-07-135951.png","articleSection":["Featured","Flights"],"inLanguage":"en-GB"},{"@type":"WebPage","@id":"https:\/\/aviation-news.info\/?p=9039","url":"https:\/\/aviation-news.info\/?p=9039","name":"Azul Linhas A\u00e9reas To Increase Operations By 10x At Rio-Gale\u00e3o - aviation news","isPartOf":{"@id":"https:\/\/aviation-news.info\/#website"},"primaryImageOfPage":{"@id":"https:\/\/aviation-news.info\/?p=9039#primaryimage"},"image":{"@id":"https:\/\/aviation-news.info\/?p=9039#primaryimage"},"thumbnailUrl":"https:\/\/aviation-news.info\/wp-content\/uploads\/2023\/10\/Screenshot-2023-10-07-135951.png","datePublished":"2023-10-07T11:02:12+00:00","breadcrumb":{"@id":"https:\/\/aviation-news.info\/?p=9039#breadcrumb"},"inLanguage":"en-GB","potentialAction":[{"@type":"ReadAction","target":["https:\/\/aviation-news.info\/?p=9039"]}]},{"@type":"ImageObject","inLanguage":"en-GB","@id":"https:\/\/aviation-news.info\/?p=9039#primaryimage","url":"https:\/\/aviation-news.info\/wp-content\/uploads\/2023\/10\/Screenshot-2023-10-07-135951.png","contentUrl":"https:\/\/aviation-news.info\/wp-content\/uploads\/2023\/10\/Screenshot-2023-10-07-135951.png","width":1430,"height":797},{"@type":"BreadcrumbList","@id":"https:\/\/aviation-news.info\/?p=9039#breadcrumb","itemListElement":[{"@type":"ListItem","position":1,"name":"Home","item":"https:\/\/aviation-news.info\/"},{"@type":"ListItem","position":2,"name":"Azul Linhas A\u00e9reas To Increase Operations By 10x At Rio-Gale\u00e3o"}]},{"@type":"WebSite","@id":"https:\/\/aviation-news.info\/#website","url":"https:\/\/aviation-news.info\/","name":"aviation news","description":"","publisher":{"@id":"https:\/\/aviation-news.info\/#organization"},"potentialAction":[{"@type":"SearchAction","target":{"@type":"EntryPoint","urlTemplate":"https:\/\/aviation-news.info\/?s={search_term_string}"},"query-input":{"@type":"PropertyValueSpecification","valueRequired":true,"valueName":"search_term_string"}}],"inLanguage":"en-GB"},{"@type":"Organization","@id":"https:\/\/aviation-news.info\/#organization","name":"aviation news","url":"https:\/\/aviation-news.info\/","logo":{"@type":"ImageObject","inLanguage":"en-GB","@id":"https:\/\/aviation-news.info\/#\/schema\/logo\/image\/","url":"https:\/\/aviation-news.info\/wp-content\/uploads\/2025\/01\/aviation-news-logo.png","contentUrl":"https:\/\/aviation-news.info\/wp-content\/uploads\/2025\/01\/aviation-news-logo.png","width":500,"height":154,"caption":"aviation news"},"image":{"@id":"https:\/\/aviation-news.info\/#\/schema\/logo\/image\/"},"sameAs":["https:\/\/www.facebook.com\/profile.php?id=100088552298353","https:\/\/x.com\/aviationne428"]},{"@type":"Person","@id":"https:\/\/aviation-news.info\/#\/schema\/person\/02e91cef3ca1560c153b683711401bd3","name":"adminnews","sameAs":["https:\/\/aviationnews-inetrnational.com"],"url":"https:\/\/aviation-news.info\/?author=1"}]}},"jetpack_publicize_connections":[],"jetpack_featured_media_url":"https:\/\/aviation-news.info\/wp-content\/uploads\/2023\/10\/Screenshot-2023-10-07-135951.png","jetpack_sharing_enabled":true,"amp_enabled":true,"_links":{"self":[{"href":"https:\/\/aviation-news.info\/index.php?rest_route=\/wp\/v2\/posts\/9039","targetHints":{"allow":["GET"]}}],"collection":[{"href":"https:\/\/aviation-news.info\/index.php?rest_route=\/wp\/v2\/posts"}],"about":[{"href":"https:\/\/aviation-news.info\/index.php?rest_route=\/wp\/v2\/types\/post"}],"author":[{"embeddable":true,"href":"https:\/\/aviation-news.info\/index.php?rest_route=\/wp\/v2\/users\/1"}],"replies":[{"embeddable":true,"href":"https:\/\/aviation-news.info\/index.php?rest_route=%2Fwp%2Fv2%2Fcomments&post=9039"}],"version-history":[{"count":0,"href":"https:\/\/aviation-news.info\/index.php?rest_route=\/wp\/v2\/posts\/9039\/revisions"}],"wp:featuredmedia":[{"embeddable":true,"href":"https:\/\/aviation-news.info\/index.php?rest_route=\/wp\/v2\/media\/9040"}],"wp:attachment":[{"href":"https:\/\/aviation-news.info\/index.php?rest_route=%2Fwp%2Fv2%2Fmedia&parent=9039"}],"wp:term":[{"taxonomy":"category","embeddable":true,"href":"https:\/\/aviation-news.info\/index.php?rest_route=%2Fwp%2Fv2%2Fcategories&post=9039"},{"taxonomy":"post_tag","embeddable":true,"href":"https:\/\/aviation-news.info\/index.php?rest_route=%2Fwp%2Fv2%2Ftags&post=9039"}],"curies":[{"name":"wp","href":"https:\/\/api.w.org\/{rel}","templated":true}]}}